[{"@context":"https:\/\/schema.org\/","@type":"Article","@id":"https:\/\/www.girltime.cz\/trendy-na-jaro-a-leto-ktere-si-zamilujete\/#Article","mainEntityOfPage":"https:\/\/www.girltime.cz\/trendy-na-jaro-a-leto-ktere-si-zamilujete\/","headline":"Trendy na jaro a l\u00e9to, kter\u00e9 si zamilujete","name":"Trendy na jaro a l\u00e9to, kter\u00e9 si zamilujete","description":"I kdy\u017e v obchodech s oble\u010den\u00edm pr\u00e1v\u011b vrchol\u00ed zimn\u00ed v\u00fdprodeje, je na \u010dase poohl\u00e9dnout se po kousc\u00edch, se kter\u00fdmi p\u0159iv\u00edt\u00e1te nadch\u00e1zej\u00edc\u00ed jaro a l\u00e9to. V\u0161e se dozv\u00edte v kategorii-m\u00f3da a styl.&#13; &#13; N\u011bkter\u00e9 trendy, kter\u00e1 n\u00e1s uchv\u00e1tily v lo\u0148sk\u00e9m roce, se znovu vrac\u00ed i v t\u00e9to sez\u00f3n\u011b, a proto si je poj\u010fme alespo\u0148 z \u010d\u00e1sti ... <a title=\"Trendy na jaro a l\u00e9to, kter\u00e9 si zamilujete\" class=\"read-more\" href=\"https:\/\/www.girltime.cz\/trendy-na-jaro-a-leto-ktere-si-zamilujete\/\" aria-label=\"V\u00edce na Trendy na jaro a l\u00e9to, kter\u00e9 si zamilujete\">\u010c\u00edst d\u00e1l<\/a>","datePublished":"2019-12-07","dateModified":"2023-05-05","author":{"@type":"Person","@id":"https:\/\/www.girltime.cz\/author\/#Person","name":"","url":"https:\/\/www.girltime.cz\/author\/","identifier":1,"image":{"@type":"ImageObject","@id":"https:\/\/secure.gravatar.com\/avatar\/75e4d40f94885f01aa9441f03c1e175b?s=96&d=mm&r=g","url":"https:\/\/secure.gravatar.com\/avatar\/75e4d40f94885f01aa9441f03c1e175b?s=96&d=mm&r=g","height":96,"width":96}},"publisher":{"@type":"Organization","name":"girltime.cz","logo":{"@type":"ImageObject","@id":"\/logo.png","url":"\/logo.png","width":600,"height":60}},"image":{"@type":"ImageObject","@id":"https:\/\/girltime.cz\/wp-content\/uploads\/img_a372349_w3567_t1583834590.jpg","url":"https:\/\/girltime.cz\/wp-content\/uploads\/img_a372349_w3567_t1583834590.jpg","height":"","width":""},"url":"https:\/\/www.girltime.cz\/trendy-na-jaro-a-leto-ktere-si-zamilujete\/","about":["M\u00f3da a styl"],"wordCount":407,"articleBody":"I kdy\u017e v obchodech s oble\u010den\u00edm pr\u00e1v\u011b vrchol\u00ed zimn\u00ed v\u00fdprodeje, je na \u010dase poohl\u00e9dnout se po kousc\u00edch, se kter\u00fdmi p\u0159iv\u00edt\u00e1te nadch\u00e1zej\u00edc\u00ed jaro a l\u00e9to. V\u0161e se dozv\u00edte v kategorii-m\u00f3da a styl.&#13; &#13; N\u011bkter\u00e9 trendy, kter\u00e1 n\u00e1s uchv\u00e1tily v lo\u0148sk\u00e9m roce, se znovu vrac\u00ed i v t\u00e9to sez\u00f3n\u011b, a proto si je poj\u010fme alespo\u0148 z \u010d\u00e1sti p\u0159ipomenout. Stejn\u011b tak ale m\u016f\u017eeme obdivovat trendy nov\u00e9, neokoukan\u00e9. N\u00e1vrh\u00e1\u0159i i letos s nostalgi\u00ed vzpom\u00ednaj\u00ed na l\u00e9ta osmdes\u00e1t\u00e1 a devades\u00e1t\u00e1, p\u0159ipravte se proto na \u0161ortky nebo bl\u00e1zniv\u00e9 potisky, se kter\u00fdmi se p\u0159enesete znovu do d\u011btsk\u00fdch let. Pokud naopak d\u00e1v\u00e1te p\u0159ednost stroh\u00e9 eleganci, p\u0159ijdete si na sv\u00e9 v podob\u011b ozdobn\u00fdch ma\u0161l\u00ed a b\u00e9\u017eov\u00e9 nebo nude barv\u011b.&#13; &#13; &#13; &#13; M\u00f3dn\u00ed zelen\u00e1&#13; &#13; Letos na ja\u0159e a v l\u00e9t\u011b byste si m\u011bli obl\u00edbit odst\u00edny chladiv\u00e9 zelen\u00e9, kter\u00e9 si prop\u016fj\u010dila zna\u010dka By Far u sv\u00fdch kabelek a rozhodn\u011b je hodn\u011b co k vid\u011bn\u00ed.&#13; &#13; &#13; &#13; Jemn\u00e1 elegance h\u00e1\u010dkovan\u00e9 krajky&#13; &#13; Rozhodn\u011b si je\u0161t\u011b pamatuje na h\u00e1\u010dkovan\u00e9 topy, kter\u00e9 se nosily p\u0159es lehk\u00e1 vzdu\u0161n\u00e1 t\u00edlka. P\u0159esn\u011b tento trend je po v\u00edce jak dvaceti letech op\u011bt zp\u011bt a z\u00e1le\u017e\u00ed jen na v\u00e1s, jak se k tomuto m\u00f3dn\u00edmu trendu postav\u00edte. Vid\u011bt toti\u017e m\u016f\u017eete t\u00e9m\u011b\u0159 cokoliv \u2013 p\u0159es hust\u00e9 vzory, kter\u00e9 p\u0159ipom\u00ednaj\u00ed babi\u010d\u010din ubrus, a\u017e po velk\u00e1 oka ve stylu kdysi obl\u00edben\u00e9 s\u00ed\u0165ovky.&#13; &#13; &#13; &#13; Ma\u0161le v\u0161ude kam se pod\u00edv\u00e1\u0161&#13; &#13; Ma\u0161le a je \u00fapln\u011b jedno, jestli na krku, ramenou nebo v pase. Na \u0161atech i na kousc\u00edch, kam by v\u00e1s nikdy velk\u00e1 ma\u0161le nenapadla um\u00edstit. Je elegantn\u00ed a dod\u00e1v\u00e1 pocit \u017eenskosti.&#13; &#13; &#13; &#13; Ve znamen\u00ed neonov\u00fdch barev&#13; &#13; Jaro a l\u00e9to 2020 bude ve znamen\u00ed pestr\u00fdch a neonov\u00fdch barev a kontrast\u016f. Hlavn\u011b v podob\u011b intenzity barvy, kdy na jedn\u00e9 stran\u011b budou st\u00e1t vybledl\u00e9 pastelov\u00e9 t\u00f3ny a na stran\u011b druh\u00e9 siln\u00e9 z\u00e1\u0159iv\u00e9 odst\u00edny v podob\u011b \u017elut\u00e9.&#13; &#13; &#13; &#13; Barevn\u00e9 potisky&#13; &#13; V m\u00f3d\u011b budou i nejr\u016fzn\u011bj\u0161\u00ed potisky inspirovan\u00e9 devades\u00e1tkami. Hlavn\u011b pak hrav\u00e9, geometrick\u00e9 tvary a z\u00e1\u0159iv\u00e9 barvy, kter\u00fdm bude dominovat hlavn\u011b \u010derven\u00e1, modr\u00e1 a tyrkysov\u00e1.&#13; &#13;                                                                                                                                                                                                                                                                                                                                                                                                "},{"@context":"https:\/\/schema.org\/","@type":"BreadcrumbList","itemListElement":[{"@type":"ListItem","position":1,"name":"Trendy na jaro a l\u00e9to, kter\u00e9 si zamilujete","item":"https:\/\/www.girltime.cz\/trendy-na-jaro-a-leto-ktere-si-zamilujete\/#breadcrumbitem"}]}]