[{"@context":"https:\/\/schema.org\/","@type":"Article","@id":"https:\/\/www.girltime.cz\/proc-bychom-se-nebavili\/#Article","mainEntityOfPage":"https:\/\/www.girltime.cz\/proc-bychom-se-nebavili\/","headline":"Pro\u010d bychom se nebavili?","name":"Pro\u010d bychom se nebavili?","description":"Ur\u010dit\u011b se shodneme na tom, \u017ee jde lidem v&nbsp;jejich \u017eivot\u011b v&nbsp;prvn\u00ed \u0159ad\u011b o to, aby tito m\u011bli takzvan\u011b zaji\u0161t\u011bnou existenci. Tedy mus\u00edme m\u00edt p\u0159edpoklady pro to, abychom mohli norm\u00e1ln\u011b a bez zbyte\u010dn\u00e9ho str\u00e1d\u00e1n\u00ed existovat. To je toti\u017e to prvotn\u00ed. Jen\u017ee krom\u011b toho tu mus\u00ed b\u00fdt i p\u0159\u00edle\u017eitosti k&nbsp;n\u011bjak\u00e9mu tomu obveselen\u00ed se. Ob\u010das je zkr\u00e1tka t\u0159eba ... <a title=\"Pro\u010d bychom se nebavili?\" class=\"read-more\" href=\"https:\/\/www.girltime.cz\/proc-bychom-se-nebavili\/\" aria-label=\"V\u00edce na Pro\u010d bychom se nebavili?\">\u010c\u00edst d\u00e1l<\/a>","datePublished":"2021-04-01","dateModified":"2023-05-05","author":{"@type":"Person","@id":"https:\/\/www.girltime.cz\/author\/#Person","name":"","url":"https:\/\/www.girltime.cz\/author\/","identifier":1,"image":{"@type":"ImageObject","@id":"https:\/\/secure.gravatar.com\/avatar\/75e4d40f94885f01aa9441f03c1e175b?s=96&d=mm&r=g","url":"https:\/\/secure.gravatar.com\/avatar\/75e4d40f94885f01aa9441f03c1e175b?s=96&d=mm&r=g","height":96,"width":96}},"publisher":{"@type":"Organization","name":"girltime.cz","logo":{"@type":"ImageObject","@id":"\/logo.png","url":"\/logo.png","width":600,"height":60}},"url":"https:\/\/www.girltime.cz\/proc-bychom-se-nebavili\/","about":["Z\u00e1bava"],"wordCount":511,"articleBody":"Ur\u010dit\u011b se shodneme na tom, \u017ee jde lidem v&nbsp;jejich \u017eivot\u011b v&nbsp;prvn\u00ed \u0159ad\u011b o to, aby tito m\u011bli takzvan\u011b zaji\u0161t\u011bnou existenci. Tedy mus\u00edme m\u00edt p\u0159edpoklady pro to, abychom mohli norm\u00e1ln\u011b a bez zbyte\u010dn\u00e9ho str\u00e1d\u00e1n\u00ed existovat. To je toti\u017e to prvotn\u00ed.Jen\u017ee krom\u011b toho tu mus\u00ed b\u00fdt i p\u0159\u00edle\u017eitosti k&nbsp;n\u011bjak\u00e9mu tomu obveselen\u00ed se. Ob\u010das je zkr\u00e1tka t\u0159eba &sbquo;upustit p\u00e1ru&lsquo;, ob\u010das se chceme a mus\u00edme v\u011bnovat i tomu, co n\u00e1s pot\u011b\u0161\u00ed, a to bez ohledu na to, co to je.Kdyby neexistovala z\u00e1bava, nest\u00e1l by lidsk\u00fd \u017eivot vlastn\u011b za nic.Ka\u017ed\u00fd z&nbsp;n\u00e1s by si tedy m\u011bl naj\u00edt n\u011bco, co mu bude dob\u0159e d\u011blat. Pokud je jeho kon\u00ed\u010dkem jeho pr\u00e1ce, je doty\u010dn\u00fd vlastn\u011b v&nbsp;nemal\u00e9 v\u00fdhod\u011b p\u0159ed ostatn\u00edmi, proto\u017ee se mu tak da\u0159\u00ed spojit p\u0159\u00edjemn\u00e9 s&nbsp;u\u017eite\u010dn\u00fdm. A ti ostatn\u00ed by ur\u010dit\u011b m\u011bli m\u00edt aspo\u0148 n\u011bco, co jim zp\u0159\u00edjemn\u00ed voln\u00fd \u010das.A p\u0159inejmen\u0161\u00edm naprost\u00e1 v\u011bt\u0161ina z&nbsp;n\u00e1s si u\u017e dok\u00e1zala n\u011bco pro sv\u00e9 obveselen\u00ed naj\u00edt. N\u011bkdo d\u00e1v\u00e1 p\u0159ednost tomu, jin\u00fd n\u011b\u010demu jin\u00e9mu, ale na tom vlastn\u011b ani trochu nesejde, nen\u00ed-li to pochopiteln\u011b n\u011b\u010d\u00edm, co \u0161kod\u00ed t\u011bm kolem.Ov\u0161em ani z\u00e1bava nen\u00ed v\u017edy skute\u010dn\u011b z\u00e1bavou. Proto\u017ee rozhl\u00e9dn\u011bme se kolem sebe. Kolik lid\u00ed si t\u0159eba zamilovalo cestov\u00e1n\u00ed! Kolik z&nbsp;n\u00e1s nezn\u00e1 v\u011bt\u0161\u00ed pot\u011b\u0161en\u00ed ne\u017e vyrazit n\u011bkam za hranice v\u0161edn\u00edch dn\u00ed a t\u0159eba i sv\u00e9 obce, okresu, kraje, st\u00e1tu \u010di kontinentu! Kolik lid\u00ed si obl\u00edbilo dejme tomu \u00fa\u010dast na koncertech, divadeln\u00edch p\u0159edstaven\u00edch, sportovn\u00edch utk\u00e1n\u00edch! Kolik z&nbsp;n\u00e1s t\u0159eba pova\u017euje za vrchol sv\u00e9 z\u00e1bavy posezen\u00ed s&nbsp;lidmi, kte\u0159\u00ed jsou jim bl\u00edzc\u00ed, kolik lid\u00ed t\u0159eba vyu\u017eije n\u011bjak\u00fdch jin\u00fdch nab\u00eddek vy\u017eit\u00ed organizovan\u00fdch t\u011bmi ostatn\u00edmi! Bav\u00ed je to, ale&hellip;Ale je jim to u\u017e p\u0159es rok zakazov\u00e1no. Bavilo by je to, ale prost\u011b si tak z&nbsp;v\u016fle mocn\u00fdch po\u010d\u00ednat nemohou. Mo\u017en\u00e1 i z&nbsp;rozumn\u00fdch d\u016fvod\u016f, ale p\u0159esto nejednou nerozumn\u011b.A proto by se pro n\u00e1s m\u011bla st\u00e1t ne-li p\u0159\u00edmo z\u00e1bavou, pak aspo\u0148 p\u0159ita\u017elivou \u010dinnost\u00ed i \u00fa\u010dast ve volb\u00e1ch spojen\u00e1 s&nbsp;p\u0159em\u00fd\u0161len\u00edm. Abychom si radostn\u011b vybrali do sv\u00e9ho \u010dela ty, kdo mus\u00ed-li u\u017e n\u00e1m kratochv\u00edle zakazovat, tak budou \u010dinit aspo\u0148 od\u016fvodn\u011bn\u011b. A kdo se tak\u00e9 nebudou bavit t\u00edm, co je jimi samotn\u00fdmi ostatn\u00edm zak\u00e1z\u00e1no. Proto\u017ee v&nbsp;tom u\u017e jdou v\u0161echny \u017eerty stranou.                                                                                                                                                                                                                                                                                                                                                                                                "},{"@context":"https:\/\/schema.org\/","@type":"BreadcrumbList","itemListElement":[{"@type":"ListItem","position":1,"name":"Pro\u010d bychom se nebavili?","item":"https:\/\/www.girltime.cz\/proc-bychom-se-nebavili\/#breadcrumbitem"}]}]