[{"@context":"https:\/\/schema.org\/","@type":"Article","@id":"https:\/\/www.girltime.cz\/opticke-zvetseni-prostoru\/#Article","mainEntityOfPage":"https:\/\/www.girltime.cz\/opticke-zvetseni-prostoru\/","headline":"Optick\u00e9 zv\u011bt\u0161en\u00ed prostoru","name":"Optick\u00e9 zv\u011bt\u0161en\u00ed prostoru","description":"Bydl\u00edte v men\u0161\u00edm byt\u011b a va\u0161e p\u0159eds\u00ed\u0148ka je velmi tmav\u00e1 a mal\u00e1. Sna\u017e\u00edte se ji opticky zv\u011bt\u0161it, ale zat\u00edm se v\u00e1m moc neda\u0159ilo? Nen\u00ed v\u016fbec jednoduch\u00e9 vymyslet, co kam d\u00e1t, aby se v\u00e1\u0161 prostor aspo\u0148 opticky zv\u011bt\u0161il. D\u00e1me v\u00e1m p\u00e1r rad a tip\u016f, jak zv\u011bt\u0161en\u00ed doc\u00edlit. Za prv\u00e9 nesm\u00edte v m\u00edstnosti m\u00edt p\u0159\u00edli\u0161 v\u011bc\u00ed. \u010c\u00edm ... <a title=\"Optick\u00e9 zv\u011bt\u0161en\u00ed prostoru\" class=\"read-more\" href=\"https:\/\/www.girltime.cz\/opticke-zvetseni-prostoru\/\" aria-label=\"V\u00edce na Optick\u00e9 zv\u011bt\u0161en\u00ed prostoru\">\u010c\u00edst d\u00e1l<\/a>","datePublished":"2021-05-10","dateModified":"2023-05-05","author":{"@type":"Person","@id":"https:\/\/www.girltime.cz\/author\/#Person","name":"","url":"https:\/\/www.girltime.cz\/author\/","identifier":1,"image":{"@type":"ImageObject","@id":"https:\/\/secure.gravatar.com\/avatar\/75e4d40f94885f01aa9441f03c1e175b?s=96&d=mm&r=g","url":"https:\/\/secure.gravatar.com\/avatar\/75e4d40f94885f01aa9441f03c1e175b?s=96&d=mm&r=g","height":96,"width":96}},"publisher":{"@type":"Organization","name":"girltime.cz","logo":{"@type":"ImageObject","@id":"\/logo.png","url":"\/logo.png","width":600,"height":60}},"image":{"@type":"ImageObject","@id":"https:\/\/girltime.cz\/wp-content\/uploads\/zrcadlo_4pQkZ5.jpg","url":"https:\/\/girltime.cz\/wp-content\/uploads\/zrcadlo_4pQkZ5.jpg","height":"","width":""},"url":"https:\/\/www.girltime.cz\/opticke-zvetseni-prostoru\/","about":["Rady a tipy"],"wordCount":408,"articleBody":"Bydl\u00edte v men\u0161\u00edm byt\u011b a va\u0161e p\u0159eds\u00ed\u0148ka je velmi tmav\u00e1 a mal\u00e1. Sna\u017e\u00edte se ji opticky zv\u011bt\u0161it, ale zat\u00edm se v\u00e1m moc neda\u0159ilo? Nen\u00ed v\u016fbec jednoduch\u00e9 vymyslet, co kam d\u00e1t, aby se v\u00e1\u0161 prostor aspo\u0148 opticky zv\u011bt\u0161il. D\u00e1me v\u00e1m p\u00e1r rad a tip\u016f, jak zv\u011bt\u0161en\u00ed doc\u00edlit.\t\tZa prv\u00e9 nesm\u00edte v m\u00edstnosti m\u00edt p\u0159\u00edli\u0161 v\u011bc\u00ed. \u010c\u00edm v\u00edce v\u011bc\u00ed budete v prostoru m\u00edt, t\u00edm zmen\u0161\u00edte doposud re\u00e1ln\u00fd prostor a nebude to vypadat dob\u0159e. V jednoduchosti je kr\u00e1sa a mal\u00fd botn\u00edk s posezen\u00edm v\u00e1m bude bohat\u011b sta\u010dit. Nemus\u00edte m\u00edt sk\u0159\u00ed\u0148, kter\u00e1 v\u00e1m zabere p\u016flku s\u00edn\u011b. Minimalismus je v dne\u0161n\u00ed dob\u011b velmi popul\u00e1rn\u00ed. V\u00edce prostoru zajist\u00ed lep\u0161\u00ed pohyb po m\u00edstnosti. Nap\u0159\u00edklad, kdy\u017e ponesete t\u011b\u017ek\u00fd n\u00e1kup. Nemus\u00edte se b\u00e1t, \u017ee o n\u011bco zakopnete.\t\tDruhou radou je vymalov\u00e1n\u00ed tohoto mal\u00e9ho prostoru. Kdy\u017e zvol\u00edme n\u011bkter\u00e9 v\u00fdrazn\u00e9 tmav\u00e9 barvy, tak si rozhodn\u011b nepom\u016f\u017eeme. \u0158\u00edk\u00e1te si, \u017ee tmav\u011b modr\u00e1 by byla p\u011bkn\u00e1, to mo\u017en\u00e1 ano, ale doc\u00edl\u00edte pouze toho, \u017ee m\u00edstnost bude je\u0161t\u011b tmav\u0161\u00ed. Do tmav\u00fdch prostor\u016f mus\u00edte volit rozhodn\u011b n\u011bco sv\u011btl\u00e9ho. Jemn\u00e9 odst\u00edny \u017elut\u00e9, b\u00e9\u017eov\u00e9 nebo klasickou \u010distou b\u00edlou. B\u00edlou barvou rozhodn\u011b nic nezkaz\u00edte. M\u00edstnost tak bude m\u00edt eleganci a z\u00edsk\u00e1 na sv\u011b\u017eesti.\t\tPosledn\u00ed a nejd\u016fle\u017eit\u011bj\u0161\u00ed radou jsou zrcadla. Kdy\u017e d\u00e1me do mal\u00e9 m\u00edstn\u016fstky, do kter\u00e9 dopad\u00e1 aspo\u0148 trochu sv\u011btla. Zrcadla zajist\u00edme kr\u00e1sn\u00e9 prosv\u011btlen\u00ed. V zrcadle se budou odr\u00e1\u017eet opa\u010dn\u00e9 prostory a t\u00edm se jej\u00ed prostor opticky zv\u011bt\u0161\u00ed. M\u016f\u017eete volit mezi jedn\u00edm velk\u00fdm zrcadlem nap\u0159\u00edklad po cel\u00e9 d\u00e9lce jedn\u00e9 strany nebo zvolit v\u00edce men\u0161\u00edch zrcadel. Mohou b\u00fdt r\u016fzn\u011b nato\u010deny nebo vytv\u00e1\u0159et poskl\u00e1d\u00e1n\u00edm n\u011bjak\u00fd obrazec. Dnes jsou modern\u00ed \u0161esti hrany, kter\u00e9 se poskl\u00e1daj\u00ed t\u011bsn\u011b vedle sebe a vytvo\u0159\u00ed kr\u00e1sn\u00fd modern\u00ed design. Rozhodn\u011b nevolte n\u00e1hradu zrcadla f\u00f3lie. Jejich propracov\u00e1n\u00ed natolik dobr\u00e9, aby v\u00e1m dali kr\u00e1sn\u00fd odraz. Budete v nich vid\u011bt jen n\u011bco rozmazan\u00e9ho v podob\u011b siluety \u010dlov\u011bka.                                                                                                                                                                                                                                                                                                                                                                                                "},{"@context":"https:\/\/schema.org\/","@type":"BreadcrumbList","itemListElement":[{"@type":"ListItem","position":1,"name":"Optick\u00e9 zv\u011bt\u0161en\u00ed prostoru","item":"https:\/\/www.girltime.cz\/opticke-zvetseni-prostoru\/#breadcrumbitem"}]}]