[{"@context":"https:\/\/schema.org\/","@type":"Article","@id":"https:\/\/www.girltime.cz\/moda-ktera-chrani-pred-sluncem\/#Article","mainEntityOfPage":"https:\/\/www.girltime.cz\/moda-ktera-chrani-pred-sluncem\/","headline":"M\u00f3da, kter\u00e1 chr\u00e1n\u00ed p\u0159ed sluncem","name":"M\u00f3da, kter\u00e1 chr\u00e1n\u00ed p\u0159ed sluncem","description":"Modern\u00ed technologie skute\u010dn\u011b nab\u00edz\u00ed tolik novinek, o kter\u00fdch se n\u00e1m ani nesnilo. D\u0159\u00edve jsme se spokojili s ochrann\u00fdm kr\u00e9mem, kter\u00fd br\u00e1nil slune\u010dn\u00edm paprsk\u016fm, abychom se doslova sp\u00e1lili. Je pravdou, \u017ee jsou t\u00e9\u017e vysoce kvalitn\u00ed, ale p\u0159ece jenom m\u016f\u017eeme j\u00edt je\u0161t\u011b trochu d\u00e1l, proto\u017e jejich limit je p\u0159ece jenom tak trochu omezuj\u00edc\u00ed. Po ur\u010dit\u00e9 dob\u011b nesm\u00edme ... <a title=\"M\u00f3da, kter\u00e1 chr\u00e1n\u00ed p\u0159ed sluncem\" class=\"read-more\" href=\"https:\/\/www.girltime.cz\/moda-ktera-chrani-pred-sluncem\/\" aria-label=\"V\u00edce na M\u00f3da, kter\u00e1 chr\u00e1n\u00ed p\u0159ed sluncem\">\u010c\u00edst d\u00e1l<\/a>","datePublished":"2020-01-01","dateModified":"2023-05-05","author":{"@type":"Person","@id":"https:\/\/www.girltime.cz\/author\/#Person","name":"","url":"https:\/\/www.girltime.cz\/author\/","identifier":1,"image":{"@type":"ImageObject","@id":"https:\/\/secure.gravatar.com\/avatar\/75e4d40f94885f01aa9441f03c1e175b?s=96&d=mm&r=g","url":"https:\/\/secure.gravatar.com\/avatar\/75e4d40f94885f01aa9441f03c1e175b?s=96&d=mm&r=g","height":96,"width":96}},"publisher":{"@type":"Organization","name":"girltime.cz","logo":{"@type":"ImageObject","@id":"\/logo.png","url":"\/logo.png","width":600,"height":60}},"image":{"@type":"ImageObject","@id":"https:\/\/girltime.cz\/wp-content\/uploads\/img_a374787_w3567_t1586428846.jpg","url":"https:\/\/girltime.cz\/wp-content\/uploads\/img_a374787_w3567_t1586428846.jpg","height":"","width":""},"url":"https:\/\/www.girltime.cz\/moda-ktera-chrani-pred-sluncem\/","about":["M\u00f3da a styl"],"wordCount":432,"articleBody":"Modern\u00ed technologie skute\u010dn\u011b nab\u00edz\u00ed tolik novinek, o kter\u00fdch se n\u00e1m ani nesnilo. D\u0159\u00edve jsme se spokojili s ochrann\u00fdm kr\u00e9mem, kter\u00fd br\u00e1nil slune\u010dn\u00edm paprsk\u016fm, abychom se doslova sp\u00e1lili. Je pravdou, \u017ee jsou t\u00e9\u017e vysoce kvalitn\u00ed, ale p\u0159ece jenom m\u016f\u017eeme j\u00edt je\u0161t\u011b trochu d\u00e1l, proto\u017e jejich limit je p\u0159ece jenom tak trochu omezuj\u00edc\u00ed. Po ur\u010dit\u00e9 dob\u011b nesm\u00edme zapomenout na to, \u017ee n\u00e1t\u011br mus\u00edme zopakovat, aby byl efektivn\u00ed. Pokud bychom si ov\u0161em po\u0159\u00eddili pl\u00e1\u017eov\u00e9 oble\u010den\u00ed s UV ochranou, tak n\u00e1m tyto starosti trochu opadnou. Chr\u00e1n\u00ed toti\u017e v\u017edy, kdy\u017e je budeme m\u00edt na sob\u011b.&#13; &#13; Speci\u00e1ln\u00ed obchody s nab\u00eddkou zbo\u017e\u00ed&#13; Je pravdou, \u017ee od\u011bvy s UV ochranou p\u0159ipom\u00ednaj\u00ed klasick\u00e1 tri\u010dka, ale bohu\u017eel v klasick\u00e9m obchod\u011b je t\u011b\u017eko nalezneme, a\u010dkoliv je zde pom\u011brn\u011b dost velk\u00fd v\u00fdb\u011br. Jsou toti\u017e z velmi jemn\u00e9ho a vzdu\u0161n\u00e9ho syntetick\u00e9ho \u00fapletu a daj\u00ed se velmi snadno obl\u00e9ci i na plavky, \u010d\u00edm\u017e t\u011blo chr\u00e1n\u00ed p\u0159ed prudk\u00fdm sluncem. P\u0159edev\u0161\u00edm ramena, kter\u00e1 jsou nejsnadn\u011bj\u0161\u00edm m\u00edstem ke sp\u00e1len\u00ed. Mus\u00edme se pod\u00edvat do nab\u00eddky obchod\u016f, kter\u00e9 jsou zam\u011b\u0159eny na surfov\u00e1n\u00ed nebo pot\u00e1p\u011bn\u00ed. Tak\u00e9 je dobr\u00e9 se nenechat odradit zkratkou, pod kterou jsou vedeny. Ochrann\u00e9 kr\u00e9my maj\u00ed svoji zkratku SPF, zde ov\u0161em mus\u00edme se soust\u0159edit na UPF. Jde ale jen o pouhou variantu ur\u010dov\u00e1n\u00ed ochrann\u00e9 funkce, hodnoty jsou pot\u00e9 stejn\u00e9.&#13; &#13; \u010c\u00edm n\u00e1s chr\u00e1n\u00ed?&#13; V podstat\u011b je to \u00fa\u010dinek, prokazuj\u00ed se kombinac\u00ed vlastnost\u00ed materi\u00e1lu a z\u00e1rove\u0148 povrchov\u00e9 \u00fapravy od\u011bvu. Jemn\u00e1 a pru\u017en\u00e1 pletenina m\u00e1 velmi hustou strukturu a ta p\u0159irozen\u011b bude br\u00e1nit pronik\u00e1n\u00ed UV paprsk\u016f na k\u016f\u017ei. D\u00e1le ochrann\u00fd efekt podpo\u0159\u00ed chemick\u00fd filtr, kter\u00fd je nanesen na povrch materi\u00e1lu. Od\u011bvy se vyr\u00e1b\u00ed prakticky \u00fapln\u011b pro v\u0161echny od kojenc\u016f, a\u017e po seniory. Jsou lehounk\u00e9, p\u0159\u00edjemn\u00e9 na no\u0161en\u00ed, rychle usychaj\u00ed a jsou klidn\u011b vhodn\u00e9 nejen na b\u011b\u017en\u00e9 no\u0161en\u00ed, ale i nap\u0159\u00edklad na koup\u00e1n\u00ed. Je ov\u0161em logick\u00e9, \u017ee \u010d\u00edm \u010dast\u011bji je budeme nosit, tak bude ochrann\u00fdch slo\u017eek ub\u00fdvat, p\u0159esto v\u00fdrobci uv\u00e1d\u00ed, \u017ee si je pln\u00e9 3 a\u017e 4 roky m\u016f\u017eeme do sytosti u\u017e\u00edt. Nav\u00edc nezaberou mnoho m\u00edsta v kufru a tak jsou skv\u011bl\u00fdm spole\u010dn\u00edkem na dovolen\u00e9.&#13; &#13;                                                                                                                                                                                                                                                                                                                                                                                                "},{"@context":"https:\/\/schema.org\/","@type":"BreadcrumbList","itemListElement":[{"@type":"ListItem","position":1,"name":"M\u00f3da, kter\u00e1 chr\u00e1n\u00ed p\u0159ed sluncem","item":"https:\/\/www.girltime.cz\/moda-ktera-chrani-pred-sluncem\/#breadcrumbitem"}]}]