[{"@context":"https:\/\/schema.org\/","@type":"Article","@id":"https:\/\/www.girltime.cz\/mam-starost-ze-se-lidi-uz-nebudou-potrebovat\/#Article","mainEntityOfPage":"https:\/\/www.girltime.cz\/mam-starost-ze-se-lidi-uz-nebudou-potrebovat\/","headline":"M\u00e1m starost, \u017ee se lidi u\u017e nebudou pot\u0159ebovat \u2026","name":"M\u00e1m starost, \u017ee se lidi u\u017e nebudou pot\u0159ebovat \u2026","description":"M\u00e1m starost a obavu, \u017ee se lidi u\u017e nebudou pot\u0159ebovat. Mysl\u00edte si, \u017ee je to scestn\u00e1 p\u0159edstava? Pro\u010d. V\u017edy\u0165 u\u017e mo\u017en\u00e1 dobr\u00fd rok to tak funguje. Vztahy jsou osekan\u00e9, o\u0159ezan\u00e9 bez mo\u017enosti naroubov\u00e1n\u00ed, tak\u017ee v\u011btev \u017eivota pomalu vysych\u00e1 a svra\u0161\u0165uje se. Jak je to s&nbsp;p\u0159\u00edrodou, stromem a jeho u\u0159\u00edznutou v\u011btv\u00ed? R\u00e1na by se m\u011bla zacelit, ... <a title=\"M\u00e1m starost, \u017ee se lidi u\u017e nebudou pot\u0159ebovat \u2026\" class=\"read-more\" href=\"https:\/\/www.girltime.cz\/mam-starost-ze-se-lidi-uz-nebudou-potrebovat\/\" aria-label=\"V\u00edce na M\u00e1m starost, \u017ee se lidi u\u017e nebudou pot\u0159ebovat \u2026\">\u010c\u00edst d\u00e1l<\/a>","datePublished":"2021-04-24","dateModified":"2023-05-05","author":{"@type":"Person","@id":"https:\/\/www.girltime.cz\/author\/#Person","name":"","url":"https:\/\/www.girltime.cz\/author\/","identifier":1,"image":{"@type":"ImageObject","@id":"https:\/\/secure.gravatar.com\/avatar\/75e4d40f94885f01aa9441f03c1e175b?s=96&d=mm&r=g","url":"https:\/\/secure.gravatar.com\/avatar\/75e4d40f94885f01aa9441f03c1e175b?s=96&d=mm&r=g","height":96,"width":96}},"publisher":{"@type":"Organization","name":"girltime.cz","logo":{"@type":"ImageObject","@id":"\/logo.png","url":"\/logo.png","width":600,"height":60}},"url":"https:\/\/www.girltime.cz\/mam-starost-ze-se-lidi-uz-nebudou-potrebovat\/","about":["Vztahy"],"wordCount":452,"articleBody":"M\u00e1m starost a obavu, \u017ee se lidi u\u017e nebudou pot\u0159ebovat. Mysl\u00edte si, \u017ee je to scestn\u00e1 p\u0159edstava? Pro\u010d. V\u017edy\u0165 u\u017e mo\u017en\u00e1 dobr\u00fd rok to tak funguje. Vztahy jsou osekan\u00e9, o\u0159ezan\u00e9 bez mo\u017enosti naroubov\u00e1n\u00ed, tak\u017ee v\u011btev \u017eivota pomalu vysych\u00e1 a svra\u0161\u0165uje se.Jak je to s&nbsp;p\u0159\u00edrodou, stromem a jeho u\u0159\u00edznutou v\u011btv\u00ed? R\u00e1na by se m\u011bla zacelit, aby strom mohl r\u016fst d\u00e1l a nevysiloval se. Jestli\u017ee to neud\u011bl\u00e1te, str\u00e1d\u00e1 a ch\u00e1tr\u00e1. Tak je to i s&nbsp;na\u0161imi du\u0161emi b\u011bhem doby, kter\u00e1 se za\u010dala naz\u00fdvat velmi p\u0159\u00edhodn\u011b dobou ledovou &ndash; koronavirovou. A tento pojem nen\u00ed a\u017e tak daleko od pojmu zima a odcizen\u00ed.N\u00e1siln\u011b jsme byli odtr\u017eeni od rodin, babi\u010dky a d\u011bde\u010dkov\u00e9 zvl\u00e1\u0161\u0165, d\u011bti izolovan\u00e9 v&nbsp;rodin\u00e1ch bez mo\u017enosti \u0161koln\u00ed doch\u00e1zky do \u0161kol a p\u0159ed\u0161koln\u00edch za\u0159\u00edzen\u00ed. Jejich rodi\u010de z\u016fst\u00e1vali s&nbsp;nimi doma, aby je mohli vyu\u010dovat a dohl\u00e9dnout na jejich \u0161koln\u00ed on-line p\u0159\u00edpravu. Anebo jin\u00ed rodi\u010de pracovali z&nbsp;domova, home office se staly velmi \u017e\u00e1dan\u00fdmi artikly ze strany vl\u00e1dy.Vl\u00e1da dokonce&nbsp;&nbsp;&nbsp; a p e l o v&nbsp;a l a&nbsp;&nbsp;&nbsp; na zam\u011bstnavatele, aby tam, kde je to mo\u017en\u00e9, sv\u00fdm pod\u0159\u00edzen\u00fdm p\u0159\u00edmo na\u0159izovala pr\u00e1ci z&nbsp;domova, a to proto, aby se jejich zam\u011bstnanci nesdru\u017eovali v&nbsp;kancel\u00e1\u0159\u00edch, nepotk\u00e1vali na chodb\u00e1ch, \u010di se snad, prob\u016fh, se nep\u0159iv\u00edtali pod\u00e1n\u00edm ruky &hellip;Na\u0161i nemocn\u00ed a p\u0159\u00edbuzn\u00ed, kte\u0159\u00ed \u017eij\u00ed a n\u011bkdy i do\u017e\u00edvaj\u00ed v&nbsp;pe\u010dovatelsk\u00fdch domovech a penzionech, \u010di zdravotn\u011b posti\u017een\u00ed \u017eij\u00edc\u00ed v&nbsp;l\u00e9\u010debn\u00e1ch, v&nbsp;nemocnic\u00edch &ndash; ani k&nbsp;nim jsme b\u011b\u017en\u011b nemohli chodit. M\u00e1lokdo z&nbsp;t\u011bchto lidi\u010dek anebo starou\u0161k\u016f vlastn\u00ed chytr\u00fd mobil nebo po\u010d\u00edta\u010dovou techniku, d\u00edky kter\u00e9 bychom se mohli &bdquo;nav\u0161t\u011bvovat&ldquo; p\u0159es zn\u00e1m\u00e9 on-line programy. Anebo nedisponuj\u00ed technick\u00fdmi znalostmi. Leckter\u00fd d\u011bde\u010dek \u010di babi\u010dka je r\u00e1da, \u017ee na sv\u00e9m star\u00e9m dobr\u00e9m tla\u010d\u00edtkov\u00e9m telefonu zm\u00e1\u010dkne zn\u00e1mou p\u0159edvolbu a dok\u00e1\u017ee si sama zavolat sv\u00e9 dce\u0159i \u010di vnuk\u016fm. Ale doufejme, \u017ee vol\u00e1n\u00ed do pe\u010dovatelsk\u00fdch dom\u016f a podobn\u00fdch za\u0159\u00edzen\u00ed sp\u00ed\u0161e proudilo ze strany d\u011bt\u00ed v\u016f\u010di rodi\u010d\u016fm \u010di prarodi\u010d\u016fm.Jak to vid\u00edte vy?                                                                                                                                                                                                                                                                                                                                                                                                "},{"@context":"https:\/\/schema.org\/","@type":"BreadcrumbList","itemListElement":[{"@type":"ListItem","position":1,"name":"M\u00e1m starost, \u017ee se lidi u\u017e nebudou pot\u0159ebovat \u2026","item":"https:\/\/www.girltime.cz\/mam-starost-ze-se-lidi-uz-nebudou-potrebovat\/#breadcrumbitem"}]}]